{"translation-revision-date":"2025-04-02 14:37:31+0000","generator":"GlotPress\/4.0.3","domain":"messages","locale_data":{"messages":{"":{"domain":"messages","plural-forms":"nplurals=3; plural=(n == 1) ? 0 : ((n == 0 || n % 100 >= 2 && n % 100 <= 19) ? 1 : 2);","lang":"ro"},"Font Library":["Bibliotec\u0103 de fonturi"],"Select a unit":["Selecteaz\u0103 o unitate"],"Re-order colors":["Reordoneaz\u0103 culorile"],"Finish re-ordering":["Finalizeaz\u0103 reordonarea"],"Variable name already used.":["Numele variabilei este deja utilizat."],"Underline":["Subliniere"],"None":["Niciuna"],"Text Decoration":["Decorare text"],"Initial":["Ini\u021bial"],"Oblique":["Oblic"],"Italic":["Cursiv"],"Font Style":["Stil font"],"Open %s Settings":["Deschide set\u0103rile %s"],"Add Global Color":["Adaug\u0103 o culoare global\u0103"],"This will permanently delete this color. Doing so will break styles that are using it to define their color.":["Aceast\u0103 culoare va fi \u0219tears\u0103 definitiv. \u00cen consecin\u021b\u0103, stilurile care o folosesc pentru a defini aceast\u0103 culoare nu vor func\u021biona."],"Delete Color":["\u0218terge culoarea"],"Add Typography":["Adaug\u0103 tipografice"],"Add Font":["Adaug\u0103 font"],"Category":["Categorie"],"Font already selected":["Ai selectat deja fontul"],"Font family name":["Nume familie de fonturi"],"Search fonts\u2026":["Caut\u0103 fonturi..."],"This will permanently delete this font family. Doing so will stop elements from displaying it as their font.":["Va \u0219terge definitiv aceast\u0103 familie de fonturi. Dac\u0103 faci asta, elementele nu vor mai fi afi\u0219ate ca un font."],"Delete Font Family":["\u0218terge familia de fonturi"],"Open Font Family Settings":["Deschide set\u0103rile pentru familii de fonturi"],"Google Fonts":["Google Fonts"],"Close":["\u00cenchide"],"Bottom Margin":["Margine jos"],"Paragraph Bottom Margin":["Margine jos pentru paragrafe"],"Letter Spacing":["Spa\u021biu \u00eentre litere"],"Line Height":["\u00cen\u0103l\u021bime linie"],"%s Preview":["Previzualizare %s"],"Select Units":["Selecteaz\u0103 unit\u0103\u021bile"],"Capitalize":["Scrie cu majuscule"],"Lowercase":["Minuscule"],"Uppercase":["Majuscule"],"Text Transform":["Transformare text"],"Font Weight":["Grosime font"],"Bold":["Aldin"],"Normal":["Normal"],"System Default":["Implicit de sistem"],"Inherit":["Mo\u0219tenire"],"-- Select --":["-- Selecteaz\u0103 --"],"Font Family":["Familie de fonturi"],"Enter custom CSS selector.":["Introdu selectorul pentru CSS personalizat. "],"Search elements\u2026":["Caut\u0103 elemente..."],"Target Element":["Elementul vizat"],"Delete Typography Element":["\u0218terge elementul din tipografice"],"This will permanently delete this typography element.":["Acest elementul din tipografice va fi \u0219ters definitiv."],"Open Typography Settings":["Deschide set\u0103rile pentru tipografice"],"Other":["Altele"],"Widgets":["Piese"],"Custom":["Personalizat"],"Widget Titles":["Titluri pies\u0103"],"Heading 6 (H6)":["Subtitlu 6 (H6)"],"Heading 5 (H5)":["Subtitlu 5 (H5)"],"Heading 4 (H4)":["Subtitlu 4 (H4)"],"Archive Content Title (H2)":["Titlu con\u021binut arhiv\u0103 (H2)"],"Single Content Title (H1)":["Titlu con\u021binut singular (H1)"],"All Headings":["Toate subtitlurile"],"Primary Sub-Menu Items":["Elemente de sub-meniu principal"],"Primary Menu Items":["Elemente de meniu principal"],"Site Description":["Descriere site"],"Changing this name will remove its color from elements already using it.":["Dac\u0103 schimbi aceste nume, va fi \u00eenl\u0103turat\u0103 culoarea din elementele care o folosesc deja."],"CSS Variable Name":["Nume variabil\u0103 CSS"],"Base":["Baz\u0103"],"Site Title":["Titlu site"],"Buttons":["Butoane"],"Choose Color":["Alege o culoare"],"Heading 3 (H3)":["Subtitlu 3 (H3)"],"Heading 2 (H2)":["Subtitlu 2 (H2)"],"Heading 1 (H1)":["Subtitlu 1 (H1)"],"Variants":["Variante"],"System fonts":["Fonturi de sistem"],"Mobile":["Mobil"],"Tablet":["Tablet\u0103"],"Desktop":["Desktop"],"Top Bar":["Bara de sus"],"Footer Bar":["Bar\u0103 subsol"],"Footer":["Subsol"],"Primary Navigation":["Navigare principal\u0103"],"Content":["Con\u021binut"],"Default":["Implicit"],"Font size":["Dimensiune font"],"Body":["Corp"],"Header":["Antet"]}},"comment":{"reference":"assets\/dist\/customizer.js"}}